{"id":2403,"date":"2023-12-07T15:16:07","date_gmt":"2023-12-07T14:16:07","guid":{"rendered":"https:\/\/www.scheiffarth.de\/wp\/?p=2403"},"modified":"2023-12-07T15:16:07","modified_gmt":"2023-12-07T14:16:07","slug":"fuer-alle-steuerpflichtigen-broschuere-elternzeit-und-beurlaubung-teilzeitbeschaeftigung-aus-familiaeren-gruenden","status":"publish","type":"post","link":"http:\/\/www.scheiffarth.de\/wp\/fuer-alle-steuerpflichtigen-broschuere-elternzeit-und-beurlaubung-teilzeitbeschaeftigung-aus-familiaeren-gruenden\/","title":{"rendered":"F\u00fcr alle Steuerpflichtigen: Brosch\u00fcre: Elternzeit und Beurlaubung\/Teilzeitbesch\u00e4ftigung aus  famili\u00e4ren Gr\u00fcnden"},"content":{"rendered":"<p>Die Finanzverwaltung Nordrhein-Westfalen hat eine Brosch\u00fcre ver\u00f6ffentlicht, in der zahlreiche Fragen zum Elterngeld, zur Elternzeit, zur Beurlaubung aus famili\u00e4ren Gr\u00fcnden etc. beantwortet werden. Die Brosch\u00fcre enth\u00e4lt 24 Seiten und kann unter www.iww.de\/s6252 heruntergeladen werden.<\/p>\n<p>&nbsp;<\/p>\n","protected":false},"excerpt":{"rendered":"<p>Die Finanzverwaltung Nordrhein-Westfalen hat eine Brosch\u00fcre ver\u00f6ffentlicht, in der zahlreiche Fragen zum Elterngeld, zur Elternzeit, zur Beurlaubung aus famili\u00e4ren Gr\u00fcnden etc. beantwortet werden. Die Brosch\u00fcre enth\u00e4lt 24 Seiten und kann unter www.iww.de\/s6252 heruntergeladen werden. &nbsp;<\/p>\n","protected":false},"author":3,"featured_media":0,"comment_status":"open","ping_status":"open","sticky":false,"template":"","format":"standard","meta":{"footnotes":""},"categories":[33,13,14],"tags":[],"class_list":["post-2403","post","type-post","status-publish","format-standard","hentry","category-33","category-fuer-alle-steuerpflichtigen","category-fuer-eltern"],"_links":{"self":[{"href":"http:\/\/www.scheiffarth.de\/wp\/wp-json\/wp\/v2\/posts\/2403","targetHints":{"allow":["GET"]}}],"collection":[{"href":"http:\/\/www.scheiffarth.de\/wp\/wp-json\/wp\/v2\/posts"}],"about":[{"href":"http:\/\/www.scheiffarth.de\/wp\/wp-json\/wp\/v2\/types\/post"}],"author":[{"embeddable":true,"href":"http:\/\/www.scheiffarth.de\/wp\/wp-json\/wp\/v2\/users\/3"}],"replies":[{"embeddable":true,"href":"http:\/\/www.scheiffarth.de\/wp\/wp-json\/wp\/v2\/comments?post=2403"}],"version-history":[{"count":1,"href":"http:\/\/www.scheiffarth.de\/wp\/wp-json\/wp\/v2\/posts\/2403\/revisions"}],"predecessor-version":[{"id":2404,"href":"http:\/\/www.scheiffarth.de\/wp\/wp-json\/wp\/v2\/posts\/2403\/revisions\/2404"}],"wp:attachment":[{"href":"http:\/\/www.scheiffarth.de\/wp\/wp-json\/wp\/v2\/media?parent=2403"}],"wp:term":[{"taxonomy":"category","embeddable":true,"href":"http:\/\/www.scheiffarth.de\/wp\/wp-json\/wp\/v2\/categories?post=2403"},{"taxonomy":"post_tag","embeddable":true,"href":"http:\/\/www.scheiffarth.de\/wp\/wp-json\/wp\/v2\/tags?post=2403"}],"curies":[{"name":"wp","href":"https:\/\/api.w.org\/{rel}","templated":true}]}}